{"id":4722,"date":"2022-05-11T12:53:10","date_gmt":"2022-05-11T10:53:10","guid":{"rendered":"https:\/\/www.svidesign.cz\/kaufland-introduces-smart-home-concept-featuring-parov-stelar-in-the-commercial\/"},"modified":"2025-11-06T22:10:08","modified_gmt":"2025-11-06T20:10:08","slug":"kaufland-introduces-smart-home-concept-featuring-parov-stelar-in-the-commercial","status":"publish","type":"post","link":"https:\/\/www.svidesign.cz\/en\/kaufland-introduces-smart-home-concept-featuring-parov-stelar-in-the-commercial\/","title":{"rendered":"Kaufland Introduces Smart Home Concept, Featuring Parov Stelar in the Commercial"},"content":{"rendered":"<div class=\"wpb-content-wrapper\"><p>[vc_row][vc_column][vc_column_text]<\/p>\n<blockquote>\n<h5 style=\"text-align: left;\"><strong>&#8220;the Campaign by Effe Praha Agency Will be Visible throughout the Year, Running across all Types of Media.&#8221;<\/strong><\/h5>\n<\/blockquote>\n<p>[\/vc_column_text][vc_column_text]The retail chain Kaufland introduces a new communication concept of a <a href=\"http:\/\/www.kaufland.cz\/chytradomacnost\">smart home<\/a>, represented by the six-member Chytr\u00fd family. Each family member faces different situations. Some manage on their own, others use modern technology, but the common denominator is Kaufland, which promises solutions for everyone.<\/p>\n<p>&#8220;We want to show why we are the first choice for our customers. Whether it&#8217;s freshness, quality, price, or the fact that we offer everything under one roof. These are our main pillars, thanks to which the Chytr\u00fd family, as well as our customers, can rely on us,&#8221; explains <strong>Petra Kalu\u017e\u00edkov\u00e1<\/strong>, Marketing Director of Kaufland. &#8220;With the new campaign, we further develop the idea of our long-term concept My First Choice,&#8221; she adds.<\/p>\n<p>The new communication concept was created by advertising agency <a href=\"https:\/\/www.effead.com\/\">Effe Praha<\/a>, a branch of Slovak Effectivity. The television commercials were directed by <strong>Tom Wilson<\/strong> and production was handled by <a href=\"https:\/\/heroesprague.com\/cs\/\">Heroes Prague<\/a>.<\/p>\n<p>&#8220;The client came with a request for a modern and witty campaign that would reflect customer needs and appeal to young people as well,&#8221; says <strong>Mario Po\u00f3r<\/strong>, Creative Director of Effe Praha agency, about the campaign. &#8220;A smart home is not just about technology, but primarily about its members across generations,&#8221; he explains the creators&#8217; thoughts. &#8220;The choice of music was also important \u2013 electro-swing is popular among young people, but older generations will appreciate it too. We are very pleased that we managed to obtain the rights to the famous song by musician Parov Stelar.&#8221; The song is <a href=\"https:\/\/www.youtube.com\/watch?v=WXrdYwG17PE\"><em>Catgroove<\/em><\/a>.<\/p>\n<p>&#8220;We wanted to film an understandable story, but in an original and entertaining way, with lots of visual tricks, using wide lenses and unconventional camera angles,&#8221; says director <strong>Tom Wilson<\/strong> from Heroes Prague. &#8220;Unlike typical campaigns, we filmed many different variations that viewers will see throughout the year.&#8221; Over ten days, more than 400 shots were created, most of which take place in a custom-built set at Barrandov Studios.<\/p>\n<p>The campaign will utilize all communication channels. It will run on television and radio, appear in print, on outdoor surfaces, in Kaufland stores, and also in the digital environment. On social networks, the members of the smart home themselves will also communicate with Kaufland customers, continuously sharing moments from their lives.[\/vc_column_text][vc_empty_space height=&#8221;5px&#8221;][vc_empty_space height=&#8221;7px&#8221;][vc_column_text]<\/p>\n<div class=\"agency-detail-row clearfix\">\n<div class=\"agency-detail__holder gallery-detail-agency\">\n<div class=\"agency-detail__holder__label\"><strong>Creative agency:<\/strong> <a href=\"https:\/\/www.mediar.cz\/tema\/effectivity\/\">Effe Prague<\/a><\/div>\n<\/div>\n<\/div>\n<div class=\"agency-detail-row clearfix\">\n<div class=\"agency-detail__holder gallery-detail-agency\">\n<div class=\"agency-detail__holder__label\"><strong>PR agency:<\/strong> <a href=\"https:\/\/www.mediar.cz\/tema\/kaspar-pr\/\">Ka\u0161par PR<\/a><\/div>\n<\/div>\n<\/div>\n<div class=\"agency-detail-row clearfix\">\n<div class=\"agency-detail__holder gallery-detail-agency\">\n<div class=\"agency-detail__holder__label\"><strong>Production agency:<\/strong> <a href=\"https:\/\/www.mediar.cz\/tema\/heroes-prague\/\">Heroes Prague<\/a><\/div>\n<\/div>\n<\/div>\n<div class=\"agency-detail-row clearfix\">\n<div class=\"agency-detail__holder gallery-detail-brand\">\n<div class=\"agency-detail__holder__label\"><strong>Brand<\/strong>: <a href=\"https:\/\/www.mediar.cz\/galerie-reklamy\/znacka\/kaufland\/\">Kaufland<\/a><\/div>\n<\/div>\n<\/div>\n<div class=\"agency-detail-row clearfix\">\n<div class=\"agency-detail__holder gallery-detail-client\">\n<div class=\"agency-detail__holder__label\"><strong>Client:<\/strong> <a href=\"https:\/\/www.mediar.cz\/galerie-reklamy\/klient\/kaufland-ceska-republika\/\">Kaufland Czech Republic<\/a><\/div>\n<\/div>\n<\/div>\n<div class=\"agency-detail-row clearfix\">\n<div class=\"agency-detail__holder gallery-detail-agency\">\n<div class=\"agency-detail__holder__label\"><strong>Industry:<\/strong> <a href=\"https:\/\/www.mediar.cz\/galerie-reklamy\/obor\/maloobchod-obchodni-retezce\/\">Retail \/ retail chains<\/a><\/div>\n<\/div>\n<\/div>\n<div class=\"agency-detail-row clearfix\">\n<div class=\"agency-detail__holder gallery-detail-agency\">\n<div class=\"agency-detail__holder__label\"><strong>Media mix:<\/strong> <a href=\"https:\/\/www.mediar.cz\/galerie-reklamy\/mediatyp\/televize\/\">Television<\/a>, <a href=\"https:\/\/www.mediar.cz\/galerie-reklamy\/mediatyp\/radio\/\">Radio<\/a>, <a href=\"https:\/\/www.mediar.cz\/galerie-reklamy\/mediatyp\/tisk\/\">Print<\/a>, <a href=\"https:\/\/www.mediar.cz\/galerie-reklamy\/mediatyp\/online\/\">Online<\/a>, <a href=\"https:\/\/www.mediar.cz\/galerie-reklamy\/mediatyp\/social\/\">Social<\/a>, <a href=\"https:\/\/www.mediar.cz\/galerie-reklamy\/mediatyp\/out-of-home\/\">Out-of-home<\/a>, <a href=\"https:\/\/www.mediar.cz\/galerie-reklamy\/mediatyp\/instore\/\">Instore\/POS<\/a><\/div>\n<\/div>\n<\/div>\n<div class=\"agency-detail-row clearfix\">\n<div class=\"agency-detail__holder gallery-detail-people\">\n<div class=\"agency-detail__holder__label\"><strong>Creative director:<\/strong> <a href=\"https:\/\/www.mediar.cz\/galerie-reklamy\/tvurce\/mario-poor\/\">M\u00e1rio Po\u00f3r<\/a><\/div>\n<\/div>\n<\/div>\n<div class=\"agency-detail-row clearfix\">\n<div class=\"agency-detail__holder gallery-detail-people\">\n<div class=\"agency-detail__holder__label\">\n<div class=\"agency-detail__holder__label\"><strong>Art director:<\/strong> <a href=\"https:\/\/www.mediar.cz\/galerie-reklamy\/tvurce\/svilen-todorov\/\">Svilen Todorov<\/a><\/div>\n<div class=\"agency-detail__holder__label\"><strong>Copywriter:<\/strong> <a href=\"https:\/\/www.mediar.cz\/galerie-reklamy\/tvurce\/jakub-votroubek\/\">Jakub Votroubek<\/a><\/div>\n<div class=\"agency-detail__holder__label\"><strong>Copywriter:<\/strong> <a href=\"https:\/\/www.mediar.cz\/galerie-reklamy\/tvurce\/marketa-uchytilova\/\">Mark\u00e9ta Uchytilov\u00e1<\/a><\/div>\n<\/div>\n<\/div>\n<\/div>\n<div class=\"agency-detail-row clearfix\">\n<div class=\"agency-detail__holder gallery-detail-people\">\n<div class=\"agency-detail__holder__label\"><strong>Art director:<\/strong> <a href=\"https:\/\/www.mediar.cz\/galerie-reklamy\/tvurce\/radoslav-sladek\/\">Radoslav Sl\u00e1dek<\/a><\/div>\n<\/div>\n<\/div>\n<div class=\"agency-detail-row clearfix\">\n<div class=\"agency-detail__holder gallery-detail-people\"><strong>Account director: <\/strong><a href=\"https:\/\/www.mediar.cz\/galerie-reklamy\/tvurce\/roman-matulik\/\">Roman Matul\u00edk<\/a><\/div>\n<\/div>\n<div class=\"agency-detail-row clearfix\">\n<div class=\"agency-detail__holder gallery-detail-people\">\n<div class=\"agency-detail__holder__label\"><strong>Camera:<\/strong> <a href=\"https:\/\/www.mediar.cz\/galerie-reklamy\/tvurce\/radim-strelka\/\">Radim St\u0159elka<\/a><\/div>\n<\/div>\n<\/div>\n<div class=\"agency-detail-row clearfix\">\n<div class=\"agency-detail__holder gallery-detail-people\">\n<div class=\"agency-detail__holder__label\"><strong>Camera:<\/strong> <a href=\"https:\/\/www.mediar.cz\/galerie-reklamy\/tvurce\/marian-ontko\/\">Mari\u00e1n Ontko<\/a><\/div>\n<\/div>\n<\/div>\n<div class=\"agency-detail-row clearfix\">\n<div class=\"agency-detail__holder gallery-detail-people\">\n<div class=\"agency-detail__holder__label\"><strong>Director:<\/strong> <a href=\"https:\/\/www.mediar.cz\/galerie-reklamy\/tvurce\/tom-wilson\/\">Tom Wilson<\/a><\/div>\n<\/div>\n<\/div>\n<p>[\/vc_column_text][vc_empty_space height=&#8221;7px&#8221;][\/vc_column][\/vc_row][vc_row][vc_column]<a itemprop=\"url\" href=\"https:\/\/www.mediar.cz\/galerie-reklamy\/kaufland-prichazi-s-konceptem-chytre-domacnosti-ve-spotu-hraje-parov-stelar\/\" target=\"_blank\"  class=\"edgtf-btn edgtf-btn-medium edgtf-btn-outline\"  >\n            <span class=\"edgtf-btn-text\">Article source<\/span>\n            <\/a>[\/vc_column][\/vc_row]<\/p>\n<\/div>","protected":false},"excerpt":{"rendered":"<p>The retail chain Kaufland introduces a new communication concept of a smart home, represented by the six-member Chytr\u00fd family. Each family member faces different situations. Some manage on their own, others use modern technology, but the common denominator is Kaufland, which promises solutions for everyone.  <\/p>\n","protected":false},"author":1,"featured_media":0,"comment_status":"closed","ping_status":"closed","sticky":false,"template":"","format":"video","meta":{"footnotes":""},"categories":[210,212,211],"tags":[215],"class_list":["post-4722","post","type-post","status-publish","format-video","hentry","category-advertising","category-art-director","category-retail","tag-creative","post_format-post-format-video"],"_links":{"self":[{"href":"https:\/\/www.svidesign.cz\/en\/wp-json\/wp\/v2\/posts\/4722","targetHints":{"allow":["GET"]}}],"collection":[{"href":"https:\/\/www.svidesign.cz\/en\/wp-json\/wp\/v2\/posts"}],"about":[{"href":"https:\/\/www.svidesign.cz\/en\/wp-json\/wp\/v2\/types\/post"}],"author":[{"embeddable":true,"href":"https:\/\/www.svidesign.cz\/en\/wp-json\/wp\/v2\/users\/1"}],"replies":[{"embeddable":true,"href":"https:\/\/www.svidesign.cz\/en\/wp-json\/wp\/v2\/comments?post=4722"}],"version-history":[{"count":3,"href":"https:\/\/www.svidesign.cz\/en\/wp-json\/wp\/v2\/posts\/4722\/revisions"}],"predecessor-version":[{"id":4735,"href":"https:\/\/www.svidesign.cz\/en\/wp-json\/wp\/v2\/posts\/4722\/revisions\/4735"}],"wp:attachment":[{"href":"https:\/\/www.svidesign.cz\/en\/wp-json\/wp\/v2\/media?parent=4722"}],"wp:term":[{"taxonomy":"category","embeddable":true,"href":"https:\/\/www.svidesign.cz\/en\/wp-json\/wp\/v2\/categories?post=4722"},{"taxonomy":"post_tag","embeddable":true,"href":"https:\/\/www.svidesign.cz\/en\/wp-json\/wp\/v2\/tags?post=4722"}],"curies":[{"name":"wp","href":"https:\/\/api.w.org\/{rel}","templated":true}]}}